[{"@context":"https:\/\/schema.org\/","@type":"Article","@id":"https:\/\/www.alfapet.cz\/je-i-dnes-vhodne-dat-si-na-zed-gobelin\/#Article","mainEntityOfPage":"https:\/\/www.alfapet.cz\/je-i-dnes-vhodne-dat-si-na-zed-gobelin\/","headline":"Je i dnes vhodn\u00e9 d\u00e1t si na ze\u010f gobel\u00edn?","name":"Je i dnes vhodn\u00e9 d\u00e1t si na ze\u010f gobel\u00edn?","description":"Asi ka\u017ed\u00fd z n\u00e1s chce m\u00edt doma hezky. To je bez debat. I proto si sv\u016fj domov \u010dasto zdob\u00edme nejr\u016fzn\u011bj\u0161\u00edmi v\u011bcmi, od dekora\u010dn\u00edch p\u0159edm\u011bt\u016f a\u017e po obrazy. Ani\u017e bychom si to v\u0161ak uv\u011bdomovali, i tyto p\u0159ich\u00e1z\u00ed do m\u00f3dy a zase z n\u00ed vych\u00e1z\u00ed, prakticky jako v\u0161e ostatn\u00ed. Typick\u00fdm p\u0159\u00edkladem je zde n\u00e1st\u011bnn\u00fd koberec, zn\u00e1m\u00fd jako...","datePublished":"2025-02-11","dateModified":"2025-02-11","author":{"@type":"Person","@id":"https:\/\/www.alfapet.cz\/author\/#Person","name":"","url":"https:\/\/www.alfapet.cz\/author\/","identifier":1,"image":{"@type":"ImageObject","@id":"https:\/\/secure.gravatar.com\/avatar\/01173f1da90dde8adb887d6793fa4e42c4004e53f8d645d9b1cb57c2dee8e188?s=96&d=mm&r=g","url":"https:\/\/secure.gravatar.com\/avatar\/01173f1da90dde8adb887d6793fa4e42c4004e53f8d645d9b1cb57c2dee8e188?s=96&d=mm&r=g","height":96,"width":96}},"publisher":{"@type":"Organization","name":"alfapet.cz","logo":{"@type":"ImageObject","@id":"\/logo.png","url":"\/logo.png","width":600,"height":60}},"image":{"@type":"ImageObject","@id":"https:\/\/www.alfapet.cz\/wp-content\/uploads\/gobelin1.jpg","url":"https:\/\/www.alfapet.cz\/wp-content\/uploads\/gobelin1.jpg","height":0,"width":0},"url":"https:\/\/www.alfapet.cz\/je-i-dnes-vhodne-dat-si-na-zed-gobelin\/","about":["Produkty"],"wordCount":431,"articleBody":"        Asi ka\u017ed\u00fd z n\u00e1s chce m\u00edt doma hezky. To je bez debat. I proto si sv\u016fj domov \u010dasto zdob\u00edme nejr\u016fzn\u011bj\u0161\u00edmi v\u011bcmi, od dekora\u010dn\u00edch p\u0159edm\u011bt\u016f a\u017e po obrazy. Ani\u017e bychom si to v\u0161ak uv\u011bdomovali, i tyto p\u0159ich\u00e1z\u00ed do m\u00f3dy a zase z n\u00ed vych\u00e1z\u00ed, prakticky jako v\u0161e ostatn\u00ed. Typick\u00fdm p\u0159\u00edkladem je zde n\u00e1st\u011bnn\u00fd koberec, zn\u00e1m\u00fd jako gobel\u00edn https:\/\/atelierytapiserii.cz\/tkani\/. D\u0159\u00edve byl alespo\u0148 jeden k vid\u011bn\u00ed prakticky v ka\u017ed\u00e9m pansk\u00e9m s\u00eddle, a mnohdy se jednalo o skute\u010dn\u011b mistrovsk\u00e1 d\u00edla. V podstat\u011b se jednalo o obrazy, ov\u0161em nam\u00edsto toho, aby byly namalovan\u00e9 na pap\u00edr \u010di pl\u00e1tno, byly utkan\u00e9. Lid\u00e9 si jich velmi \u010dasto cenili, a cena d\u011bl od t\u011bch nejzn\u00e1m\u011bj\u0161\u00edch mistr\u016f byla leckdy skute\u010dn\u011b vysok\u00e1. Zdaleka nej\u010dast\u011bj\u0161\u00edmi motivy byly nejr\u016fzn\u011bj\u0161\u00ed bitevn\u00ed sc\u00e9ny, av\u0161ak na\u0161li bychom zde nap\u0159\u00edklad i motivy z bible.Pravdou v\u0161ak je, \u017ee gobel\u00edny m\u011bly krom\u011b estetick\u00e9ho hlediska je\u0161t\u011b i dal\u0161\u00ed \u00fa\u010del \u2013 pom\u00e1haly dr\u017eet teplo. Nesm\u00edme zapom\u00ednat, \u017ee v on\u00e9 dob\u011b neexistovalo centr\u00e1ln\u00ed vyt\u00e1p\u011bn\u00ed, a d\u016fm byl \u010dasto vyt\u00e1p\u011bn jen jedn\u00edm krbem. Zvl\u00e1\u0161t\u011b v zim\u011b pak t\u00e1hlo od st\u011bn a zd\u00ed, s \u010d\u00edm\u017e pr\u00e1v\u011b gobel\u00edn pom\u00e1hal. D\u00edky n\u011bmu tak bylo doma nejen \u00fatuln\u011bji, ale tak\u00e9 p\u0159\u00edjemn\u011bji.M\u016f\u017eeme si v\u0161ak v\u0161imnout, \u017ee dnes se s nimi prakticky v\u016fbec nesetk\u00e1me, a to a\u0165 p\u0159ijdeme kamkoliv. Najdeme je pouze na star\u00fdch hradech a z\u00e1mc\u00edch, kde jsou uchov\u00e1v\u00e1ny jako sou\u010d\u00e1st p\u016fvodn\u00ed v\u00fdzdoby. Znamen\u00e1 to tedy, \u017ee dnes ji\u017e neexistuj\u00ed? Nikoliv, ov\u0161em jejich popularita je mnohem men\u0161\u00ed. Je to d\u00e1no jak jejich cenou, tak i t\u00edm, \u017ee jejich funkce udr\u017eov\u00e1n\u00ed tepla nen\u00ed ji\u017e tolik pot\u0159ebn\u00e1. Naopak, \u010dasto se pod n\u00edm dr\u017eela vlhkost a vznikala tak pl\u00edse\u0148. Nav\u00edc ani jeho \u00fadr\u017eba nen\u00ed snadn\u00e1, alespo\u0148 podle dne\u0161n\u00edch hygienick\u00fdch standard\u016f. Nen\u00ed tedy divu, \u017ee se lid\u00e9 rad\u011bji rozhodnou nap\u0159\u00edklad pro obrazy \u010di plak\u00e1ty, kter\u00e9 ud\u011blaj\u00ed, co se dekorace t\u00fd\u010de, prakticky stejnou slu\u017ebu, av\u0161ak p\u00e9\u010de o n\u011b je mnohem jednodu\u0161\u0161\u00ed, ne\u017e je tomu u gobel\u00ednu \u2013 a nelze se jim divit.                                                                                                                                                                                                                                                                                                                                                                                          4.4\/5 - (9 votes)        "},{"@context":"https:\/\/schema.org\/","@type":"BreadcrumbList","itemListElement":[{"@type":"ListItem","position":1,"name":"Je i dnes vhodn\u00e9 d\u00e1t si na ze\u010f gobel\u00edn?","item":"https:\/\/www.alfapet.cz\/je-i-dnes-vhodne-dat-si-na-zed-gobelin\/#breadcrumbitem"}]}]