[{"@context":"https:\/\/schema.org\/","@type":"Article","@id":"https:\/\/www.alfapet.cz\/mycka-vam-usetri-nejenom-cas\/#Article","mainEntityOfPage":"https:\/\/www.alfapet.cz\/mycka-vam-usetri-nejenom-cas\/","headline":"My\u010dka v\u00e1m u\u0161et\u0159\u00ed nejenom \u010das","name":"My\u010dka v\u00e1m u\u0161et\u0159\u00ed nejenom \u010das","description":"Je v\u00e1m jasn\u00e9, \u017ee my\u010dka n\u00e1dob\u00ed AEG v\u00e1m u\u0161et\u0159\u00ed mnoho \u010dasu? Je v\u00e1m jasn\u00e9, \u017ee co jste doposud odkl\u00e1dali kv\u016fli nedostatku \u010dasu, je mo\u017en\u00e9 pr\u00e1v\u011b te\u010f realizovat? Je v\u00e1m jasn\u00e9, \u017ee budete m\u00edt o hodn\u011b v\u00edce prostoru nejenom pro sebe, ale hlavn\u011b pro va\u0161e nejbli\u017e\u0161\u00ed, pro va\u0161e kon\u00ed\u010dky a z\u00e1liby, prost\u011b na v\u0161e, co jste...","datePublished":"2023-10-12","dateModified":"2023-10-12","author":{"@type":"Person","@id":"https:\/\/www.alfapet.cz\/author\/#Person","name":"","url":"https:\/\/www.alfapet.cz\/author\/","identifier":1,"image":{"@type":"ImageObject","@id":"https:\/\/secure.gravatar.com\/avatar\/01173f1da90dde8adb887d6793fa4e42c4004e53f8d645d9b1cb57c2dee8e188?s=96&d=mm&r=g","url":"https:\/\/secure.gravatar.com\/avatar\/01173f1da90dde8adb887d6793fa4e42c4004e53f8d645d9b1cb57c2dee8e188?s=96&d=mm&r=g","height":96,"width":96}},"publisher":{"@type":"Organization","name":"alfapet.cz","logo":{"@type":"ImageObject","@id":"\/logo.png","url":"\/logo.png","width":600,"height":60}},"url":"https:\/\/www.alfapet.cz\/mycka-vam-usetri-nejenom-cas\/","wordCount":270,"articleBody":"Je v\u00e1m jasn\u00e9, \u017ee my\u010dka n\u00e1dob\u00ed AEG v\u00e1m u\u0161et\u0159\u00ed mnoho \u010dasu? Je v\u00e1m jasn\u00e9, \u017ee co jste doposud odkl\u00e1dali kv\u016fli nedostatku \u010dasu, je mo\u017en\u00e9 pr\u00e1v\u011b te\u010f realizovat? Je v\u00e1m jasn\u00e9, \u017ee budete m\u00edt o hodn\u011b v\u00edce prostoru nejenom pro sebe, ale hlavn\u011b pro va\u0161e nejbli\u017e\u0161\u00ed, pro va\u0161e kon\u00ed\u010dky a z\u00e1liby, prost\u011b na v\u0161e, co jste museli dote\u010f o\u017eelet d\u00edky v\u011b\u010dn\u00e9mu boji s hrnci. Ale nebudete \u0161et\u0159it pouze \u010dasem? M\u00e1te p\u0159edstavu, jak z\u00e1vratn\u011b klesne va\u0161e spot\u0159eba vody? M\u00e1te p\u0159edstavu, jak s vysoce \u00fasporn\u00fdm za\u0159\u00edzen\u00edm budete bohat\u0161\u00ed ka\u017ed\u00fd rok o nemal\u00fd pen\u00edz? No nen\u00ed to skv\u011bl\u00e1 nab\u00eddka, odpo\u010dinout si, u\u0161et\u0159it, prost\u011b za\u010d\u00edt zase \u017e\u00edt!\tNab\u00edz\u00edme kvalituObjednejte si n\u011bmeckou kvalitu. Objednejte si propracovanost a\u017e do posledn\u00edho detailu! Budete mile p\u0159ekvapeni d\u016fmysln\u00fdm zpracov\u00e1n\u00edm nad\u010dasov\u00e9ho p\u0159\u00edstroje. Pokud u\u017e vlastn\u00edte doma jak\u00fdkoli spot\u0159ebi\u010d od t\u00e9to renomovan\u00e9 firmy, jist\u011b v\u00edte, \u017ee konkurenceschopnost je u nich v\u00edce ne\u017e vysok\u00e1. A to by v\u00e1s jako fin\u00e1ln\u00edho z\u00e1kazn\u00edka m\u011blo zaj\u00edmat na prvn\u00edm m\u00edst\u011b! Zeptejte se ka\u017ed\u00e9ho, kdo pou\u017e\u00edv\u00e1 tuto zna\u010dku, zeptejte se ho na jakoukoli str\u00e1nku v\u00fdrobku, v\u017edy se v\u00e1m dostane kladn\u00e9 odpov\u011bdi! Pro\u010d i vy byste si nemohli dop\u0159\u00e1t kvalitu, kdy\u017e se v\u00e1m jednodu\u0161e nab\u00edz\u00ed!                                                                                                                                                                                                                                                                                                                                                                                        3.9\/5 - (9 votes)        "},{"@context":"https:\/\/schema.org\/","@type":"BreadcrumbList","itemListElement":[{"@type":"ListItem","position":1,"name":"My\u010dka v\u00e1m u\u0161et\u0159\u00ed nejenom \u010das","item":"https:\/\/www.alfapet.cz\/mycka-vam-usetri-nejenom-cas\/#breadcrumbitem"}]}]