[{"@context":"https:\/\/schema.org\/","@type":"Article","@id":"https:\/\/www.alfapet.cz\/street-fashion-pro-muze-v-roce-2019\/#Article","mainEntityOfPage":"https:\/\/www.alfapet.cz\/street-fashion-pro-muze-v-roce-2019\/","headline":"Street Fashion pro mu\u017ee v roce 2019","name":"Street Fashion pro mu\u017ee v roce 2019","description":"M\u00f3dn\u00ed guru ur\u010duj\u00ed styl pro \u017eeny i mu\u017ee. Vychyt\u00e1vkou pro leto\u0161n\u00ed rok budou r\u016fzn\u00e9 kabelky, ta\u0161ky a ledvinky v p\u00e1nsk\u00e9m stylu. M\u00f3dn\u00ed n\u00e1vrh\u00e1\u0159i si t\u00e9to praktick\u00e9 v\u011bci v\u0161imli u\u017e d\u00e1vno, ale do pov\u011bdom\u00ed mu\u017e\u016f se dost\u00e1v\u00e1 tento dopln\u011bk pomalu. V sou\u010dasn\u00e9 dob\u011b je trendem p\u0159ev\u00e1\u017en\u011b mezi mlad\u00fdmi, proto\u017ee v n\u00ed nos\u00ed osobn\u00ed v\u011bci. Ji\u017e d\u00e1vno...","datePublished":"2023-05-06","dateModified":"2023-05-06","author":{"@type":"Person","@id":"https:\/\/www.alfapet.cz\/author\/#Person","name":"","url":"https:\/\/www.alfapet.cz\/author\/","identifier":1,"image":{"@type":"ImageObject","@id":"https:\/\/secure.gravatar.com\/avatar\/01173f1da90dde8adb887d6793fa4e42c4004e53f8d645d9b1cb57c2dee8e188?s=96&d=mm&r=g","url":"https:\/\/secure.gravatar.com\/avatar\/01173f1da90dde8adb887d6793fa4e42c4004e53f8d645d9b1cb57c2dee8e188?s=96&d=mm&r=g","height":96,"width":96}},"publisher":{"@type":"Organization","name":"alfapet.cz","logo":{"@type":"ImageObject","@id":"\/logo.png","url":"\/logo.png","width":600,"height":60}},"image":{"@type":"ImageObject","@id":"https:\/\/www.alfapet.cz\/wp-content\/uploads\/img_a336903_w2801_t1550228297.jpg","url":"https:\/\/www.alfapet.cz\/wp-content\/uploads\/img_a336903_w2801_t1550228297.jpg","height":0,"width":0},"url":"https:\/\/www.alfapet.cz\/street-fashion-pro-muze-v-roce-2019\/","wordCount":568,"articleBody":"M\u00f3dn\u00ed guru ur\u010duj\u00ed styl pro \u017eeny i mu\u017ee. Vychyt\u00e1vkou pro leto\u0161n\u00ed rok budou r\u016fzn\u00e9 kabelky, ta\u0161ky a ledvinky v p\u00e1nsk\u00e9m stylu. M\u00f3dn\u00ed n\u00e1vrh\u00e1\u0159i si t\u00e9to praktick\u00e9 v\u011bci v\u0161imli u\u017e d\u00e1vno, ale do pov\u011bdom\u00ed mu\u017e\u016f se dost\u00e1v\u00e1 tento dopln\u011bk pomalu. V sou\u010dasn\u00e9 dob\u011b je trendem p\u0159ev\u00e1\u017en\u011b mezi mlad\u00fdmi, proto\u017ee v n\u00ed nos\u00ed osobn\u00ed v\u011bci. Ji\u017e d\u00e1vno nen\u00ed v m\u00f3d\u011b nosit je po kaps\u00e1ch. Fenom\u00e9nem se tak\u00e9 doslova prodrala fauna. Ne doslova, n\u00fdbr\u017e sv\u00fdmi vzory na oble\u010den\u00ed. Cool jsou pruhy i punt\u00edky a tak se mu\u017ei nemusej\u00ed b\u00e1t obl\u00e9ci si nap\u0159\u00edklad kab\u00e1t se zv\u00ed\u0159ec\u00edm vzorem. V leto\u0161n\u00edm roce bude doslova p\u0159edeps\u00e1no obohatit \u0161atn\u00edk stylov\u00fdm kouskem s netypicky p\u00e1nsk\u00fdm vzorem. Oproti tomu stoj\u00ed na opa\u010dn\u00e9 stran\u011b vkusu le\u017e\u00e9rn\u00ed stylov\u00fd kab\u00e1t, kter\u00fd padne jako by byl u\u0161it\u00fd na m\u00edru. D\u00edky klasice lze kombinovat a vrstvit ho snad s \u010d\u00edmkoliv n\u00e1padit\u00fdm, tak\u017ee volnost nevkusu a nekone\u010dn\u00e9 mo\u017enosti maj\u00ed letos zelenou. Kr\u00e1sn\u00fdm kab\u00e1tem se hned m\u011bn\u00ed cel\u00fd look outfitu. St\u00e1le v\u00edce se pak objevuj\u00ed i p\u0159esky, knofl\u00edky, zipy a p\u00e1sky spojen\u00e9 na funk\u010dn\u00edm oble\u010den\u00ed. Kdysi reflexn\u00ed vesta a pracovn\u00ed od\u011bv se nyn\u00ed dost\u00e1vaj\u00ed mezi lidi jako norm\u00e1ln\u00ed trend. Ne\u010dekan\u00fd n\u00e1vrat tak\u00e9 slav\u00ed barety. Jsou k vid\u011bn\u00ed v mnoha stylech i barv\u00e1ch a to nejenom na p\u0159ehl\u00eddk\u00e1ch, ale i mezi lidmi v ulic\u00edch. Pokr\u00fdvka hlavy by v chmurn\u00fdch dnech nem\u011bla chyb\u011bt ani p\u00e1n\u016fm. Obl\u00edben\u00e1 klasika v podob\u011b ko\u017een\u00e9 bundy ned\u00e1 zapomenout nikomu. P\u0159esto\u017ee jej\u00ed vzhled vypov\u00edd\u00e1 o drsnosti, opravdov\u00fd image prom\u011bn\u00ed k nepozn\u00e1n\u00ed. Na v\u00fdb\u011br je hned n\u011bkolik variant s knofl\u00edky i zipem, kr\u00e1tk\u00e1 i dlouh\u00e1, ale i retro styl nebo t\u0159\u00e1sn\u011b. To v\u0161e dominuje na p\u00e1nech, kte\u0159\u00ed \u010derpaj\u00ed inspiraci z let minul\u00fdch. Na prvn\u00ed pohled ale upoutaj\u00ed p\u00e9\u0159ov\u00e9 a pro\u0161\u00edvan\u00e9 bundy, jejich\u017e objemn\u00fd vzhled je vedouc\u00edm trendem. Co se barev t\u00fd\u010de, oran\u017eov\u00e1, \u017elut\u00e1 a \u010derven\u00e1 jsou mezi hork\u00fdmi favority. Sportovn\u00ed a le\u017e\u00e9rn\u00ed styl, kter\u00fd by jinak mu\u017ei volili jen na proch\u00e1zku, se nyn\u00ed objevuje i v ulic\u00edch m\u011bst jako jednoduch\u00fd a praktick\u00fd kousek oble\u010den\u00ed, kter\u00fd zah\u0159eje i osln\u00ed. St\u00e1le je tak\u00e9 zvykem mezi p\u00e1ny nosit nepohodln\u00e9 obleky. Jen\u017ee leto\u0161n\u00ed rok jim dop\u0159eje tro\u0161ku v\u00edce volnosti, s\u00e1hnout tak mohou po kombinaci l\u00e1tek n\u011bco mezi tepl\u00e1kovkou a luxusem. A na to s\u00e1z\u00ed i m\u00f3dn\u00ed n\u00e1vrh\u00e1\u0159i. Po mnoha letech se z\u0159ejm\u011b m\u011bn\u00ed styl p\u00e1nsk\u00fdch kalhot, \u00fazk\u00e9 skinny st\u0159\u00eddaj\u00ed \u0161irok\u00e9 nohavice a pro odv\u00e1\u017en\u011bj\u0161\u00ed jsou i v kostkovan\u00fdch nebo kv\u011btinov\u00fdch kreativn\u00edch vzorech. To u\u017e jsou ale kousky jen pro otrl\u00e9 a hlavn\u011b pro ty, kte\u0159\u00ed je um\u00ed nosit. Koneckonc\u016f nev\u00fdrazn\u00fd outfit mu\u017ei um\u00ed rozz\u00e1\u0159it i neonovou \u0161\u00e1lou nebo kostkovan\u00fdm \u0161\u00e1tkem. A to po vzoru nejenom fotbalov\u00fdch nad\u0161enc\u016f.                                                                                                                                                                                                                                                                                                                                                                                        4\/5 - (11 votes)        "},{"@context":"https:\/\/schema.org\/","@type":"BreadcrumbList","itemListElement":[{"@type":"ListItem","position":1,"name":"Street Fashion pro mu\u017ee v roce 2019","item":"https:\/\/www.alfapet.cz\/street-fashion-pro-muze-v-roce-2019\/#breadcrumbitem"}]}]